{"id":528,"date":"2026-01-07T09:45:00","date_gmt":"2026-01-07T08:45:00","guid":{"rendered":"https:\/\/www.uamksr.sk\/uamk\/?p=528"},"modified":"2026-03-19T20:38:11","modified_gmt":"2026-03-19T19:38:11","slug":"nove-spoplatnene-useky-dialnic-a-ciest-od-1-januara-2026","status":"publish","type":"post","link":"https:\/\/www.uamksr.sk\/uamk\/nove-spoplatnene-useky-dialnic-a-ciest-od-1-januara-2026","title":{"rendered":"Nov\u00e9 spoplatnen\u00e9 \u00faseky dia\u013enic a ciest od 1. janu\u00e1ra 2026"},"content":{"rendered":"\n<p>Cestn\u00e1 infra\u0161trukt\u00fara Slovenskej republiky s elektronick\u00fdm v\u00fdberom m\u00fdta pozost\u00e1va z vymedzen\u00fdch \u00fasekov dia\u013enic, r\u00fdchlostn\u00fdch ciest, ciest I. triedy&nbsp;a ciest II. triedy.<\/p>\n\n\n\n<p>Od 1. janu\u00e1ra 2026 sa upravuje rozsah spoplatnen\u00fdch \u00fasekov slovensk\u00fdch dia\u013enic a&nbsp;ciest. D\u013a\u017eka vymedzen\u00fdch \u00fasekov ciest s&nbsp;elektronick\u00fdm v\u00fdberom m\u00fdta sa po aktu\u00e1lnych zmen\u00e1ch zv\u00fd\u0161i o&nbsp;viac ako 27 km a&nbsp;bude na \u00farovni 8&nbsp;310 km.<\/p>\n\n\n\n<p>Najv\u00fdznamnej\u0161ou zmenou je zahrnutie nov\u00fdch \u00fasekov dia\u013enice D1 a r\u00fdchlostnej cesty R2. Ide o \u00faseky R2 Kriv\u00e1\u0148 \u2013 M\u00fdtna \u010di D1 Lietavsk\u00e1 L\u00fa\u010dka \u2013 Dubn\u00e1 Skala vr\u00e1tane tunela Vi\u0161\u0148ov\u00e9. Paraleln\u00e9 \u00faseky na cest\u00e1ch I. triedy bud\u00fa v tomto pr\u00edpade spoplatnen\u00e9 s odlo\u017eenou platnos\u0165ou od 1. marca 2026.<\/p>\n\n\n\n<p>Ako uv\u00e1dza SkyToll od 1. j\u00fala 2026 sa do zoznamu spoplatnen\u00fdch \u00fasekov dostane aj \u00fasek dia\u013enice D1 Hubov\u00e1 \u2013 Ivachnov\u00e1 vr\u00e1tane tunela \u010cebra\u0165, ktor\u00fd bude odovzdan\u00fd do prev\u00e1dzky v priebehu prvej polovice roka 2026.<\/p>\n\n\n\n<p>\u00dapravy bud\u00fa aj \u010falej pokra\u010dova\u0165 a&nbsp;spoplatnenie sa dotkne R1 v&nbsp;Banskej Bystrici.<\/p>\n\n\n\n<p>Okrem zaradenia nov\u00fdch stavieb s\u00fa v zozname aj \u010fal\u0161ie \u00fapravy. Na dia\u013eni\u010dnej sieti ide najm\u00e4 o spoplatnenie R1 v Banskej Bystrici.<\/p>\n\n\n\n<p>Presn\u00e9 inform\u00e1cie o aktu\u00e1lne platnej sieti vymedzen\u00fdch \u00fasekov ciest, ako aj interakt\u00edvny kalkul\u00e1tor m\u00fdta n\u00e1jdu dopravcovia na str\u00e1nke \u00a0<a href=\"http:\/\/www.emyto.sk\/\">www.emyto.sk<\/a><\/p>\n\n\n\n<p><br><\/p>\n\n\n\n<p>V\u00e1\u0161<\/p>\n\n\n\n<p>\u00dastredn\u00fd automotoklub Slovensk\u00e1 republika<\/p>\n\n\n\n<p>Zdroj:&nbsp;<a href=\"http:\/\/www.skytoll.com\/\">www.skytoll.com<\/a>&nbsp;a&nbsp;<a href=\"http:\/\/www.emyto.sk\/\">www.emyto.sk<\/a><\/p>\n","protected":false},"excerpt":{"rendered":"<p>Cestn\u00e1 infra\u0161trukt\u00fara Slovenskej republiky s elektronick\u00fdm v\u00fdberom m\u00fdta pozost\u00e1va z vymedzen\u00fdch \u00fasekov dia\u013enic, r\u00fdchlostn\u00fdch ciest, ciest I. triedy&nbsp;a ciest II. triedy. Od 1. janu\u00e1ra 2026 sa upravuje rozsah spoplatnen\u00fdch \u00fasekov slovensk\u00fdch dia\u013enic a&nbsp;ciest. D\u013a\u017eka vymedzen\u00fdch \u00fasekov ciest s&nbsp;elektronick\u00fdm v\u00fdberom m\u00fdta sa po aktu\u00e1lnych zmen\u00e1ch zv\u00fd\u0161i o&nbsp;viac ako 27 km a&nbsp;bude na \u00farovni 8&nbsp;310 km. Najv\u00fdznamnej\u0161ou &hellip;<br \/><a href=\"https:\/\/www.uamksr.sk\/uamk\/nove-spoplatnene-useky-dialnic-a-ciest-od-1-januara-2026\" class=\"more-link pen_button pen_element_default pen_icon_arrow_double\">\u010c\u00edta\u0165 \u010falej <span class=\"screen-reader-text\">Nov\u00e9 spoplatnen\u00e9 \u00faseky dia\u013enic a ciest od 1. janu\u00e1ra 2026<\/span><\/a><\/p>\n","protected":false},"author":1,"featured_media":532,"comment_status":"closed","ping_status":"open","sticky":false,"template":"","format":"standard","meta":{"footnotes":""},"categories":[14,17],"tags":[],"class_list":["post-528","post","type-post","status-publish","format-standard","has-post-thumbnail","hentry","category-dialnicne-poplatky","category-news"],"_links":{"self":[{"href":"https:\/\/www.uamksr.sk\/uamk\/wp-json\/wp\/v2\/posts\/528","targetHints":{"allow":["GET"]}}],"collection":[{"href":"https:\/\/www.uamksr.sk\/uamk\/wp-json\/wp\/v2\/posts"}],"about":[{"href":"https:\/\/www.uamksr.sk\/uamk\/wp-json\/wp\/v2\/types\/post"}],"author":[{"embeddable":true,"href":"https:\/\/www.uamksr.sk\/uamk\/wp-json\/wp\/v2\/users\/1"}],"replies":[{"embeddable":true,"href":"https:\/\/www.uamksr.sk\/uamk\/wp-json\/wp\/v2\/comments?post=528"}],"version-history":[{"count":2,"href":"https:\/\/www.uamksr.sk\/uamk\/wp-json\/wp\/v2\/posts\/528\/revisions"}],"predecessor-version":[{"id":531,"href":"https:\/\/www.uamksr.sk\/uamk\/wp-json\/wp\/v2\/posts\/528\/revisions\/531"}],"wp:featuredmedia":[{"embeddable":true,"href":"https:\/\/www.uamksr.sk\/uamk\/wp-json\/wp\/v2\/media\/532"}],"wp:attachment":[{"href":"https:\/\/www.uamksr.sk\/uamk\/wp-json\/wp\/v2\/media?parent=528"}],"wp:term":[{"taxonomy":"category","embeddable":true,"href":"https:\/\/www.uamksr.sk\/uamk\/wp-json\/wp\/v2\/categories?post=528"},{"taxonomy":"post_tag","embeddable":true,"href":"https:\/\/www.uamksr.sk\/uamk\/wp-json\/wp\/v2\/tags?post=528"}],"curies":[{"name":"wp","href":"https:\/\/api.w.org\/{rel}","templated":true}]}}