{"id":507,"date":"2026-01-19T08:38:39","date_gmt":"2026-01-19T07:38:39","guid":{"rendered":"https:\/\/www.uamksr.sk\/uamk\/?p=507"},"modified":"2026-03-19T20:38:52","modified_gmt":"2026-03-19T19:38:52","slug":"dialnicne-znamky-v-slovinsku","status":"publish","type":"post","link":"https:\/\/www.uamksr.sk\/uamk\/dialnicne-znamky-v-slovinsku","title":{"rendered":"Dia\u013eni\u010dn\u00e9 zn\u00e1mky v Slovinsku"},"content":{"rendered":"\n<p>Mnoh\u00ed z&nbsp;na\u0161ich motoristov \u010dasto nav\u0161tevuje Slovinsko, \u010di u\u017e v&nbsp;zimnom obdob\u00ed kv\u00f4li &nbsp;ly\u017eovaniu alebo kv\u00f4li skokom na ly\u017eiach a v&nbsp;lete kv\u00f4li turistike, cykloturistike alebo aj&nbsp; k\u00fapaniu sa v&nbsp;mori a&nbsp;pri cestovan\u00ed vyu\u017e\u00edvaj\u00fa spoplatnen\u00e9 slovinsk\u00e9 dia\u013enice a r\u00fdchlostn\u00e9 cesty.<\/p>\n\n\n\n<p>Pre jazdu po spoplatnen\u00fdch &nbsp;slovinsk\u00fdch cest\u00e1ch je potrebn\u00e1 platn\u00e1 dia\u013eni\u010dn\u00e1 zn\u00e1mka, ktor\u00e1 mus\u00ed by\u0165 zak\u00fapen\u00e1 e\u0161te pred vjazdom na spoplatnen\u00fa cestu.<\/p>\n\n\n\n<figure class=\"wp-block-image size-large\"><img loading=\"lazy\" decoding=\"async\" width=\"1200\" height=\"792\" src=\"https:\/\/www.uamksr.sk\/uamk\/wp-content\/uploads\/2026\/02\/SL-dialnice-1200x792.jpg\" alt=\"\" class=\"wp-image-439\" srcset=\"https:\/\/www.uamksr.sk\/uamk\/wp-content\/uploads\/2026\/02\/SL-dialnice-1200x792.jpg 1200w, https:\/\/www.uamksr.sk\/uamk\/wp-content\/uploads\/2026\/02\/SL-dialnice-300x198.jpg 300w, https:\/\/www.uamksr.sk\/uamk\/wp-content\/uploads\/2026\/02\/SL-dialnice-768x507.jpg 768w, https:\/\/www.uamksr.sk\/uamk\/wp-content\/uploads\/2026\/02\/SL-dialnice.jpg 1500w\" sizes=\"auto, (max-width: 1200px) 100vw, 1200px\" \/><\/figure>\n\n\n\n<p>V&nbsp;Slovinsku sa rozli\u0161uj\u00fa tieto tri triedy dia\u013eni\u010dn\u00fdch zn\u00e1mok:<\/p>\n\n\n\n<p><strong>Trieda 1<\/strong>&nbsp;\u2013 motocykle. Patria sem jednostopov\u00e9 vozidl\u00e1, ktor\u00fdch stopa nie je \u0161ir\u0161ia ako 50 cm (od vonkaj\u0161ieho okraja stopy k&nbsp;druh\u00e9mu vonkaj\u0161iemu okraju).<\/p>\n\n\n\n<p><strong>Trieda 2A<\/strong>&nbsp;\u2013 vozidl\u00e1, ktor\u00fdch celkov\u00e1 hmotnos\u0165 neprev\u00fd\u0161i 3,5 t a v\u00fd\u0161ka vozidla neprevy\u0161uje 1,3 m nad prvou n\u00e1pravou (v\u00e4\u010d\u0161ina osobn\u00fdch automobilov, minivanov, SUV a pod.).<\/p>\n\n\n\n<p><strong>Trieda 2B<\/strong>&nbsp;\u2013 vozidl\u00e1, ktor\u00fdch celkov\u00e1 hmotnos\u0165 neprevy\u0161uje 3,5 t, ale v\u00fd\u0161ka&nbsp; vozidla prevy\u0161uje 1,3 m nad prvou n\u00e1pravou (v\u00e4\u010d\u0161ina kombinovan\u00fdch a&nbsp;\u013eahk\u00fdch dod\u00e1vok).<\/p>\n\n\n\n<p>D\u00e1tum za\u010diatku platnosti zn\u00e1mky si ur\u010d\u00ed z\u00e1kazn\u00edk pri jej zak\u00fapen\u00ed.<\/p>\n\n\n\n<figure class=\"wp-block-table\"><table class=\"has-fixed-layout\"><tbody><tr><td class=\"has-text-align-center\" data-align=\"center\"><strong>Trieda<\/strong><\/td><td class=\"has-text-align-center\" data-align=\"center\"><strong>7-d\u0148ov\u00e1<\/strong><\/td><td class=\"has-text-align-center\" data-align=\"center\"><strong>1-mesa\u010dn\u00e1<\/strong><\/td><td class=\"has-text-align-center\" data-align=\"center\"><strong>6-mesa\u010dn\u00e1<\/strong><\/td><td class=\"has-text-align-center\" data-align=\"center\"><strong>12-mesa\u010dn\u00e1<\/strong><\/td><\/tr><tr><td class=\"has-text-align-center\" data-align=\"center\">                      1<\/td><td class=\"has-text-align-center\" data-align=\"center\">8,00 \u20ac<\/td><td class=\"has-text-align-center\" data-align=\"center\">\u2014-<\/td><td class=\"has-text-align-center\" data-align=\"center\">32,00 \u20ac<\/td><td class=\"has-text-align-center\" data-align=\"center\">58,70 \u20ac<\/td><\/tr><tr><td class=\"has-text-align-center\" data-align=\"center\">2A<\/td><td class=\"has-text-align-center\" data-align=\"center\">16,00 \u20ac<\/td><td class=\"has-text-align-center\" data-align=\"center\">32,00 \u20ac<\/td><td class=\"has-text-align-center\" data-align=\"center\">\u2014-<\/td><td class=\"has-text-align-center\" data-align=\"center\">117,50 \u20ac<\/td><\/tr><tr><td class=\"has-text-align-center\" data-align=\"center\">2B<\/td><td class=\"has-text-align-center\" data-align=\"center\">32,00 \u20ac<\/td><td class=\"has-text-align-center\" data-align=\"center\">64,10 \u20ac<\/td><td class=\"has-text-align-center\" data-align=\"center\">\u2014-<\/td><td class=\"has-text-align-center\" data-align=\"center\">235,00 \u20ac<\/td><\/tr><\/tbody><\/table><\/figure>\n\n\n\n<p><strong>7-d\u0148ov\u00e1 zn\u00e1mka (e-vigneta)<\/strong>&nbsp;plat\u00ed sedem po sebe id\u00facich dn\u00ed odo d\u0148a nadobudnutia platnosti, ktor\u00fd ur\u010d\u00ed z\u00e1kazn\u00edk. Zapo\u010d\u00edtava sa v\u017edy prv\u00fd ur\u010den\u00fd de\u0148 platnosti t\u00fd\u017ed\u0148ovej zn\u00e1mky. Posledn\u00fdm d\u0148om platnosti tejto zn\u00e1mky je siedmy de\u0148. Pr\u00edklad, ak si zak\u00fapite zn\u00e1mku s&nbsp;napr. platnos\u0165ou od 11. marca &nbsp;2026 budete m\u00f4c\u0165 s touto zn\u00e1mkou jazdi\u0165 po spoplatnen\u00fdch cest\u00e1ch do polnoci 17. marca 2026.<\/p>\n\n\n\n<p><strong>1-mesa\u010dn\u00e1 zn\u00e1mka&nbsp;<\/strong>plat\u00ed 30 dn\u00ed od d\u00e1tumu, ktor\u00fd si zvol\u00ed z\u00e1kazn\u00edk pri k\u00fapen\u00ed. Pr\u00edklad, ak si zak\u00fapite zn\u00e1mku s&nbsp;d\u00e1tumom za\u010diatku platnosti napr. 31. m\u00e1ja 2026 posledn\u00fdm d\u0148om kedy plat\u00ed je 30. j\u00fan 2026 do polnoci.<\/p>\n\n\n\n<p><strong>6-mesa\u010dn\u00e1 zn\u00e1mka&nbsp;<\/strong>sa d\u00e1 zak\u00fapi\u0165 len pre triedu 1 \u2013 jednostopov\u00e9 vozidl\u00e1. Zn\u00e1mka plat\u00ed 6 mesiacov, ale je potrebn\u00e9 &nbsp;da\u0165 pozor na mesiace, ktor\u00e9 maj\u00fa 31 dn\u00ed a&nbsp;za za\u010diatok platnosti zn\u00e1mky ozna\u010d\u00edte tento d\u00e1tum, teda 31. de\u0148 v&nbsp;mesiaci, to platnos\u0165 kon\u010d\u00ed o&nbsp;6 mesiacov, ale 30. nie 31. d\u0148a v&nbsp;mesiaci. &nbsp;Pr\u00edklad, ak zn\u00e1mku zak\u00fapite 15. apr\u00edla 2026 bude platn\u00e1 do polnoci &nbsp;15. okt\u00f3bra 2026. Ak v\u0161ak zak\u00fapite zn\u00e1mku s&nbsp;platnos\u0165ou napr. od 31. m\u00e1j 2026, platnos\u0165 zn\u00e1mky kon\u010d\u00ed polnocou 30. novembra 2026.<\/p>\n\n\n\n<p><strong>12-mesa\u010dn\u00e1 zn\u00e1mka<\/strong>&nbsp;plat\u00ed 365+1 dn\u00ed od vyzna\u010den\u00e9ho d\u00e1tumu platnosti. Pr\u00edklad, ak si zak\u00fapite zn\u00e1mku so za\u010diatkom platnosti napr. 15. apr\u00edla 2026, m\u00f4\u017eete zn\u00e1mku pou\u017ei\u0165 e\u0161te aj 15. apr\u00edla 2027 do polnoci. Je potrebn\u00e9 da\u0165 pozor pri zak\u00fapen\u00ed zn\u00e1mky na priestupn\u00e9 roky, ktor\u00e9 maj\u00fa 366 dn\u00ed. Ak napr. &nbsp;zak\u00fapite zn\u00e1mku 29. febru\u00e1ra 2028, platnos\u0165 zn\u00e1mky skon\u010d\u00ed 28. febru\u00e1ra 2028.<\/p>\n\n\n\n<p><br><\/p>\n\n\n\n<p>V&nbsp;roku 2026 s\u00fa od poplatku osloboden\u00e9 tieto \u00faseky dia\u013en\u00edc a&nbsp;r\u00fdchlostn\u00fdch ciest prev\u00e1dzkovan\u00fdch spolo\u010dnos\u0165ou DARS:<\/p>\n\n\n\n<ul class=\"wp-block-list\">\n<li><strong>Na Gorenjskej dia\u013enici (A2)<\/strong>\u2013 zo smeru z Rak\u00faska po kri\u017eovatku Hru\u0161ica (exit 1) smerom do vn\u00fatrozemia Slovinska a&nbsp;aj opa\u010dne od kri\u017eovatky Hru\u0161ica po hranicu v smere do Rak\u00faska. M\u00fdto za tento \u00fasek sa plat\u00ed spolu s platbou m\u00fdta za pou\u017e\u00edvanie tunela Karavanky a plat\u00ed medzi prv\u00fdmi dia\u013eni\u010dn\u00fdmi pripojeniami na oboch stran\u00e1ch \u0161t\u00e1tnej hranice (v Slovinsku pripojenie Hru\u0161ica, v Rak\u00fasku pripojenie Podro\u017eca \u2013 Rosenbach).<\/li>\n<\/ul>\n\n\n\n<figure class=\"wp-block-image size-large\"><img loading=\"lazy\" decoding=\"async\" width=\"1200\" height=\"717\" src=\"https:\/\/www.uamksr.sk\/uamk\/wp-content\/uploads\/2026\/02\/SL_vynimka_A2_Jesenice_1500-1200x717.jpg\" alt=\"\" class=\"wp-image-442\" srcset=\"https:\/\/www.uamksr.sk\/uamk\/wp-content\/uploads\/2026\/02\/SL_vynimka_A2_Jesenice_1500-1200x717.jpg 1200w, https:\/\/www.uamksr.sk\/uamk\/wp-content\/uploads\/2026\/02\/SL_vynimka_A2_Jesenice_1500-300x179.jpg 300w, https:\/\/www.uamksr.sk\/uamk\/wp-content\/uploads\/2026\/02\/SL_vynimka_A2_Jesenice_1500-768x459.jpg 768w, https:\/\/www.uamksr.sk\/uamk\/wp-content\/uploads\/2026\/02\/SL_vynimka_A2_Jesenice_1500.jpg 1500w\" sizes=\"auto, (max-width: 1200px) 100vw, 1200px\" \/><figcaption class=\"wp-element-caption\">Upscaled with Gigapixel v1.0.7. 1820&#215;1228 =&gt; 10920&#215;7368 (6x) Model: Standard V2, denoise: 0.78, sharpen: 0.62, decompression: 0.01 Screenshot<\/figcaption><\/figure>\n\n\n\n<ul class=\"wp-block-list\">\n<li><strong>Na r\u00fdchlostn\u00fdch cest\u00e1ch H5 a H6<\/strong> na pobre\u017e\u00ed Jadransk\u00e9ho mora&nbsp;\u2013 od hrani\u010dn\u00e9ho priechodu \u0160kofije cez kri\u017eovatku Srmin do Koperu (oblas\u0165 \u0160kocjan) a z Koperu (oblas\u0165 Slav\u010dek) cez oblas\u0165 \u017dusterna do Jagodje pri Izole. Z d\u00f4vodu prekategoriz\u00e1cie ciest na hlavn\u00e9 cesty s\u00fa tieto cesty vyl\u00fa\u010den\u00e9 zo syst\u00e9mu spoplatnenia e-vignetou.<\/li>\n<\/ul>\n\n\n\n<figure class=\"wp-block-image size-large\"><img loading=\"lazy\" decoding=\"async\" width=\"1200\" height=\"717\" src=\"https:\/\/www.uamksr.sk\/uamk\/wp-content\/uploads\/2026\/02\/SL_vynimka_H5_H6-Koper-1500-1200x717.jpg\" alt=\"\" class=\"wp-image-441\" srcset=\"https:\/\/www.uamksr.sk\/uamk\/wp-content\/uploads\/2026\/02\/SL_vynimka_H5_H6-Koper-1500-1200x717.jpg 1200w, https:\/\/www.uamksr.sk\/uamk\/wp-content\/uploads\/2026\/02\/SL_vynimka_H5_H6-Koper-1500-300x179.jpg 300w, https:\/\/www.uamksr.sk\/uamk\/wp-content\/uploads\/2026\/02\/SL_vynimka_H5_H6-Koper-1500-768x459.jpg 768w, https:\/\/www.uamksr.sk\/uamk\/wp-content\/uploads\/2026\/02\/SL_vynimka_H5_H6-Koper-1500.jpg 1500w\" sizes=\"auto, (max-width: 1200px) 100vw, 1200px\" \/><figcaption class=\"wp-element-caption\">Upscaled with Gigapixel v1.0.7. 1820&#215;1228 =&gt; 10920&#215;7368 (6x) Model: Standard V2, denoise: 0.78, sharpen: 0.62, decompression: 0.01 Screenshot<\/figcaption><\/figure>\n\n\n\n<ul class=\"wp-block-list\">\n<li><strong>Na r\u00fdchlostnej ceste Maribor (H2)&nbsp;<\/strong>\u2013 medzi Pesnicou a Teznim. Z d\u00f4vodu prekategoriz\u00e1cie cesty na region\u00e1lnu je t\u00e1to cesta vyl\u00fa\u010den\u00e1 zo syst\u00e9mu spoplatnenia e-vignetou.<\/li>\n<\/ul>\n\n\n\n<figure class=\"wp-block-image size-large\"><img loading=\"lazy\" decoding=\"async\" width=\"1200\" height=\"717\" src=\"https:\/\/www.uamksr.sk\/uamk\/wp-content\/uploads\/2026\/02\/SL_vynimka_H2-Maribor-1500-1200x717.jpg\" alt=\"\" class=\"wp-image-440\" srcset=\"https:\/\/www.uamksr.sk\/uamk\/wp-content\/uploads\/2026\/02\/SL_vynimka_H2-Maribor-1500-1200x717.jpg 1200w, https:\/\/www.uamksr.sk\/uamk\/wp-content\/uploads\/2026\/02\/SL_vynimka_H2-Maribor-1500-300x179.jpg 300w, https:\/\/www.uamksr.sk\/uamk\/wp-content\/uploads\/2026\/02\/SL_vynimka_H2-Maribor-1500-768x459.jpg 768w, https:\/\/www.uamksr.sk\/uamk\/wp-content\/uploads\/2026\/02\/SL_vynimka_H2-Maribor-1500.jpg 1500w\" sizes=\"auto, (max-width: 1200px) 100vw, 1200px\" \/><figcaption class=\"wp-element-caption\">Upscaled with Gigapixel v1.0.7. 1820&#215;1228 =&gt; 10920&#215;7368 (6x) Model: Standard V2, denoise: 0.78, sharpen: 0.62, decompression: 0.01 Screenshot<\/figcaption><\/figure>\n\n\n\n<p>\u00dastredn\u00fd automotoklub doporu\u010duje kupova\u0165 slovinsk\u00e9 dia\u013eni\u010dn\u00e9 zn\u00e1mky len z&nbsp;ofici\u00e1lneho webu spolo\u010dnosti&nbsp;<a href=\"https:\/\/evinjeta.dars.si\/\">DARS<\/a>. Zn\u00e1mky pred\u00e1va viacero webov, ale v\u0161etky si \u00fa\u010dtuj\u00fa manipula\u010dn\u00e9 a&nbsp;prov\u00edzne poplatky tak\u017ee cena za zn\u00e1mku sa predra\u017e\u00ed.<\/p>\n\n\n\n<p>Z\u00e1rove\u0148 upozor\u0148ujeme slovensk\u00fdch motoristov na&nbsp;<strong>nekal\u00e9 praktiky niektor\u00fdch od\u0165ahov\u00fdch slu\u017eieb<\/strong>&nbsp;v Slovinsku, ktor\u00e9 sa t\u00fdkaj\u00fa najm\u00e4 n\u00e1kladn\u00fdch, ale aj osobn\u00fdch vozidiel. V poslednom obdob\u00ed evidujeme zv\u00fd\u0161en\u00fd po\u010det s\u0165a\u017enost\u00ed na neseri\u00f3zne spr\u00e1vanie a neprimeran\u00e9 ceny zo strany niektor\u00fdch poskytovate\u013eov od\u0165ahov\u00fdch slu\u017eieb<\/p>\n\n\n\n<p><br><\/p>\n\n\n\n<p>V\u00e1\u0161<\/p>\n\n\n\n<p>\u00dastredn\u00fd automotoklub Slovensk\u00e1 republika<\/p>\n\n\n\n<p>.<\/p>\n","protected":false},"excerpt":{"rendered":"<p>Mnoh\u00ed z&nbsp;na\u0161ich motoristov \u010dasto nav\u0161tevuje Slovinsko, \u010di u\u017e v&nbsp;zimnom obdob\u00ed kv\u00f4li &nbsp;ly\u017eovaniu alebo kv\u00f4li skokom na ly\u017eiach a v&nbsp;lete kv\u00f4li turistike, cykloturistike alebo aj&nbsp; k\u00fapaniu sa v&nbsp;mori a&nbsp;pri cestovan\u00ed vyu\u017e\u00edvaj\u00fa spoplatnen\u00e9 slovinsk\u00e9 dia\u013enice a r\u00fdchlostn\u00e9 cesty. Pre jazdu po spoplatnen\u00fdch &nbsp;slovinsk\u00fdch cest\u00e1ch je potrebn\u00e1 platn\u00e1 dia\u013eni\u010dn\u00e1 zn\u00e1mka, ktor\u00e1 mus\u00ed by\u0165 zak\u00fapen\u00e1 e\u0161te pred vjazdom na &hellip;<br \/><a href=\"https:\/\/www.uamksr.sk\/uamk\/dialnicne-znamky-v-slovinsku\" class=\"more-link pen_button pen_element_default pen_icon_arrow_double\">\u010c\u00edta\u0165 \u010falej <span class=\"screen-reader-text\">Dia\u013eni\u010dn\u00e9 zn\u00e1mky v Slovinsku<\/span><\/a><\/p>\n","protected":false},"author":1,"featured_media":439,"comment_status":"closed","ping_status":"open","sticky":false,"template":"","format":"standard","meta":{"footnotes":""},"categories":[14],"tags":[],"class_list":["post-507","post","type-post","status-publish","format-standard","has-post-thumbnail","hentry","category-dialnicne-poplatky"],"_links":{"self":[{"href":"https:\/\/www.uamksr.sk\/uamk\/wp-json\/wp\/v2\/posts\/507","targetHints":{"allow":["GET"]}}],"collection":[{"href":"https:\/\/www.uamksr.sk\/uamk\/wp-json\/wp\/v2\/posts"}],"about":[{"href":"https:\/\/www.uamksr.sk\/uamk\/wp-json\/wp\/v2\/types\/post"}],"author":[{"embeddable":true,"href":"https:\/\/www.uamksr.sk\/uamk\/wp-json\/wp\/v2\/users\/1"}],"replies":[{"embeddable":true,"href":"https:\/\/www.uamksr.sk\/uamk\/wp-json\/wp\/v2\/comments?post=507"}],"version-history":[{"count":4,"href":"https:\/\/www.uamksr.sk\/uamk\/wp-json\/wp\/v2\/posts\/507\/revisions"}],"predecessor-version":[{"id":514,"href":"https:\/\/www.uamksr.sk\/uamk\/wp-json\/wp\/v2\/posts\/507\/revisions\/514"}],"wp:featuredmedia":[{"embeddable":true,"href":"https:\/\/www.uamksr.sk\/uamk\/wp-json\/wp\/v2\/media\/439"}],"wp:attachment":[{"href":"https:\/\/www.uamksr.sk\/uamk\/wp-json\/wp\/v2\/media?parent=507"}],"wp:term":[{"taxonomy":"category","embeddable":true,"href":"https:\/\/www.uamksr.sk\/uamk\/wp-json\/wp\/v2\/categories?post=507"},{"taxonomy":"post_tag","embeddable":true,"href":"https:\/\/www.uamksr.sk\/uamk\/wp-json\/wp\/v2\/tags?post=507"}],"curies":[{"name":"wp","href":"https:\/\/api.w.org\/{rel}","templated":true}]}}