{"id":345,"date":"2026-01-23T21:26:09","date_gmt":"2026-01-23T20:26:09","guid":{"rendered":"https:\/\/www.uamksr.sk\/uamk\/?p=345"},"modified":"2026-03-19T20:39:02","modified_gmt":"2026-03-19T19:39:02","slug":"pre-cyklistov-povinne-vodicaky","status":"publish","type":"post","link":"https:\/\/www.uamksr.sk\/uamk\/pre-cyklistov-povinne-vodicaky","title":{"rendered":"Pre cyklistov povinn\u00e9 vodi\u010d\u00e1ky"},"content":{"rendered":"\n<p>Ako reakcia na nieko\u013eko v\u00e1\u017enych a&nbsp;smrte\u013en\u00fdch neh\u00f4d sa v&nbsp;New Jersey v&nbsp;USA rozhodli problematiku e-bikov rie\u0161i\u0165 legislat\u00edvne.<\/p>\n\n\n\n<p>P\u00f4vodn\u00e1 legislat\u00edva nedok\u00e1zala reagova\u0165 na r\u00fdchly n\u00e1rast v\u00fdkonn\u00fdch dvojkolesov\u00fdch e-bikov, ktor\u00e9 svojim v\u00fdkonom s\u00fa u\u017e sk\u00f4r motocykel. Nov\u00fd z\u00e1kon zara\u010fuje prakticky v\u0161etky elektrick\u00e9 dvojkolesov\u00e9 vozidl\u00e1 do jednej kateg\u00f3rie a&nbsp;ru\u0161\u00ed p\u00f4vodn\u00fd trojdielny syst\u00e9m e-bikov. Navrhovan\u00fd re\u017eim sa svojou implement\u00e1ciou pribli\u017euje e-biky k&nbsp;motocyklom.<\/p>\n\n\n\n<p>Jeden rok po \u00fa\u010dinnosti tohto z\u00e1kona bude pre majite\u013eov e-bikov povinn\u00e1 registr\u00e1cia, uzatvoren\u00e1 poistka a&nbsp;hlavne povinnos\u0165 vlastni\u0165 vodi\u010dsk\u00fd preukaz. Dokonca jazda osob\u00e1m mlad\u0161\u00edm ako 14 rokov bude \u00faplne zak\u00e1zan\u00e1. Dospel\u00ed jazdci nebud\u00fa potrebova\u0165 \u0161peci\u00e1lne opr\u00e1vnenie.<\/p>\n\n\n\n<p>Bezpe\u010dnos\u0165 cestnej prem\u00e1vky je d\u00f4le\u017eit\u00e1 a&nbsp;tak\u00e9to kroky k&nbsp;nej v\u00fdrazne prispievaju.<\/p>\n\n\n\n<p>Sme za to, aby v\u0161etci \u00fa\u010dastn\u00edci cestnej prem\u00e1vky mali nielen pr\u00e1va, ale aj povinnosti.<\/p>\n\n\n\n<p>Redakcia<\/p>\n\n\n\n<p>\u00dastredn\u00fd automotoklub Slovensk\u00e1 republika<\/p>\n\n\n\n<p>Zdroj:&nbsp;<strong><a href=\"https:\/\/electrek.co\/2026\/01\/22\/why-new-jerseys-radical-new-e-bike-law-is-the-harshest-one-yet\/\">electrek<\/a><\/strong><\/p>\n\n\n\n<p>Zdroj obr\u00e1zku: freepik<\/p>\n","protected":false},"excerpt":{"rendered":"<p>Ako reakcia na nieko\u013eko v\u00e1\u017enych a&nbsp;smrte\u013en\u00fdch neh\u00f4d sa v&nbsp;New Jersey v&nbsp;USA rozhodli problematiku e-bikov rie\u0161i\u0165 legislat\u00edvne. P\u00f4vodn\u00e1 legislat\u00edva nedok\u00e1zala reagova\u0165 na r\u00fdchly n\u00e1rast v\u00fdkonn\u00fdch dvojkolesov\u00fdch e-bikov, ktor\u00e9 svojim v\u00fdkonom s\u00fa u\u017e sk\u00f4r motocykel. Nov\u00fd z\u00e1kon zara\u010fuje prakticky v\u0161etky elektrick\u00e9 dvojkolesov\u00e9 vozidl\u00e1 do jednej kateg\u00f3rie a&nbsp;ru\u0161\u00ed p\u00f4vodn\u00fd trojdielny syst\u00e9m e-bikov. Navrhovan\u00fd re\u017eim sa svojou implement\u00e1ciou pribli\u017euje &hellip;<br \/><a href=\"https:\/\/www.uamksr.sk\/uamk\/pre-cyklistov-povinne-vodicaky\" class=\"more-link pen_button pen_element_default pen_icon_arrow_double\">\u010c\u00edta\u0165 \u010falej <span class=\"screen-reader-text\">Pre cyklistov povinn\u00e9 vodi\u010d\u00e1ky<\/span><\/a><\/p>\n","protected":false},"author":1,"featured_media":347,"comment_status":"closed","ping_status":"open","sticky":false,"template":"","format":"standard","meta":{"footnotes":""},"categories":[17],"tags":[],"class_list":["post-345","post","type-post","status-publish","format-standard","has-post-thumbnail","hentry","category-news"],"_links":{"self":[{"href":"https:\/\/www.uamksr.sk\/uamk\/wp-json\/wp\/v2\/posts\/345","targetHints":{"allow":["GET"]}}],"collection":[{"href":"https:\/\/www.uamksr.sk\/uamk\/wp-json\/wp\/v2\/posts"}],"about":[{"href":"https:\/\/www.uamksr.sk\/uamk\/wp-json\/wp\/v2\/types\/post"}],"author":[{"embeddable":true,"href":"https:\/\/www.uamksr.sk\/uamk\/wp-json\/wp\/v2\/users\/1"}],"replies":[{"embeddable":true,"href":"https:\/\/www.uamksr.sk\/uamk\/wp-json\/wp\/v2\/comments?post=345"}],"version-history":[{"count":3,"href":"https:\/\/www.uamksr.sk\/uamk\/wp-json\/wp\/v2\/posts\/345\/revisions"}],"predecessor-version":[{"id":350,"href":"https:\/\/www.uamksr.sk\/uamk\/wp-json\/wp\/v2\/posts\/345\/revisions\/350"}],"wp:featuredmedia":[{"embeddable":true,"href":"https:\/\/www.uamksr.sk\/uamk\/wp-json\/wp\/v2\/media\/347"}],"wp:attachment":[{"href":"https:\/\/www.uamksr.sk\/uamk\/wp-json\/wp\/v2\/media?parent=345"}],"wp:term":[{"taxonomy":"category","embeddable":true,"href":"https:\/\/www.uamksr.sk\/uamk\/wp-json\/wp\/v2\/categories?post=345"},{"taxonomy":"post_tag","embeddable":true,"href":"https:\/\/www.uamksr.sk\/uamk\/wp-json\/wp\/v2\/tags?post=345"}],"curies":[{"name":"wp","href":"https:\/\/api.w.org\/{rel}","templated":true}]}}